{"id":1680,"date":"2022-04-18T13:27:06","date_gmt":"2022-04-18T12:27:06","guid":{"rendered":"https:\/\/aretsnybyggare.se\/?p=1680"},"modified":"2025-02-21T03:26:02","modified_gmt":"2025-02-21T03:26:02","slug":"ali-khalil-kanner-forortens-kompetens","status":"publish","type":"post","link":"https:\/\/aretsnybyggare.se\/sv\/ali-khalil-kanner-forortens-kompetens\/","title":{"rendered":"Ali Khalil k\u00e4nner f\u00f6rortens kompetens"},"content":{"rendered":"<h3 style=\"text-align: center;\"><strong>Allt b\u00f6rjade med en investering p\u00e5 900 kronor f\u00f6r 10 \u00e5r sedan. I \u00e5r oms\u00e4tter f\u00f6retaget 80 miljoner kronor. Miljonbemanning arbetar f\u00f6r att s\u00e4tta m\u00e4nniskor med kompetens i arbete och grundarna vill r\u00e5da bot p\u00e5 det utanf\u00f6rskap de ser i f\u00f6rorterna.<\/strong><\/h3>\n<p>Det \u00e4r en stund efter midnatt en varm sommarkv\u00e4ll. P\u00e5 en McDonald\u2019s i Hallunda sitter tre v\u00e4nner runt ett bord. P\u00e5 en utplattad Bic Mac-kartong har de ritat sin aff\u00e4rsplan. Id\u00e9n som tio \u00e5r senare kommer oms\u00e4tta 80 miljoner kronor \u00e4r f\u00f6dd. Ali Khalil, en av grundarna, ber\u00e4ttar om starten.<\/p>\n<p>\u2013 Vi var outbildade inom f\u00f6retagande och ingen i v\u00e5r n\u00e4rhet visste n\u00e5got om att starta eget. Google var v\u00e5r b\u00e4sta v\u00e4n n\u00e4r vi f\u00f6rs\u00f6kte l\u00e4ra oss hur man g\u00f6r. Vi var tre unga entrepren\u00f6rer utan erfarenhet och referenser och vi fick fler nej \u00e4n hej i b\u00f6rjan. Folk sa nej innan de ens hunnit lyssna klart.<\/p>\n<p>Det var en sak som drev de tre v\u00e4nnerna \u2013 utanf\u00f6rskapet som de s\u00e5g i f\u00f6rorterna. Den segregation som fanns och den integration de saknade. De s\u00e5g s\u00e5 mycket kompetens som gick till spillo.<\/p>\n<p>\u2013 N\u00e4r jag jobbade p\u00e5 McDonald\u2019s fanns d\u00e4r en kollega som ansvarade f\u00f6r lokalv\u00e5rden. Han var nyanl\u00e4nd fr\u00e5n Kenya och hade varit i Sverige i drygt ett \u00e5r. Han var hj\u00e4rnkirurg och hade elva \u00e5rs universitetsutbildning. Men han fick inte chansen att utnyttja sin kompetens i Sverige. Operationer st\u00e4lls in och v\u00e5rden g\u00e5r p\u00e5 kn\u00e4na, trots att det finns folk som han, s\u00e4ger Ali Khalil.<\/p>\n<p style=\"text-align: left;\">Om Ali<\/p>\n<ul>\n<li style=\"text-align: left;\">F\u00f6dd \u00e5r: 1992<\/li>\n<li style=\"text-align: left;\">Ursprung i: Palestina<\/li>\n<li style=\"text-align: left;\">Utbildning: L\u00e4rarutbildning<\/li>\n<li style=\"text-align: left;\">Bor: Alby, Botkyrka<\/li>\n<li style=\"text-align: left;\">G\u00f6r: Vd f\u00f6r Miljonbemanning AB<\/li>\n<\/ul>\n<p>Miljonbemannings aff\u00e4rsid\u00e9 \u00e4r att matcha unga vuxna med utl\u00e4ndsk bakgrund med arbetsgivare. Genom databaser och kontakter som byggts upp kan Miljonbemanning hitta r\u00e4tt kompetens till r\u00e4tt arbetsgivare.<\/p>\n<p>Det var f\u00f6rst n\u00e4r de m\u00f6tte aff\u00e4rsmannen Peter Lindell en fredagskv\u00e4ll, p\u00e5 en fotbollsplan ute i Alby, som det b\u00f6rjade ta fart.<\/p>\n<p>\u2013 Han var sponsor till fotbollsklubben genom sitt investmentbolag. Ikl\u00e4dda v\u00e5ra svettiga fotbollstr\u00f6jor och shorts gick vi fram till honom och pitchade v\u00e5r aff\u00e4rsid\u00e9. Han tyckte det l\u00e4t intressant, tog fram sin telefon och skrev ett mejl till vd:n p\u00e5 Mathem.se. \u201dTja, du borde tr\u00e4ffa de h\u00e4r killarna, de driver ett bemanningsf\u00f6retag. Vi har inget aff\u00e4rsintresse utav detta, men de verkar vara riktigt duktiga\u201d. Dagen efter fick de till ett m\u00f6te med Mathem.se. Och det blev startskottet.<\/p>\n<p>\u2013 D\u00e4r och d\u00e5 k\u00e4nde jag att nu har vi kommit \u00f6ver tr\u00f6skeln. Sedan b\u00f6rjade kunderna komma, en efter en.<br \/>\nParallellt med att starta f\u00f6retaget studerade Khalil till gymnasiel\u00e4rare inom historia och samh\u00e4llsvetenskap. Utbildningen skulle vara i fem \u00e5r, men redan efter tv\u00e5 och ett halvt \u00e5r valde han att avsluta sina studier.<\/p>\n<p>\u2013 Vi hade best\u00e4mt att klippa alla livlinor och g\u00e5 in i det h\u00e4r till hundra procent.<br \/>\nFramg\u00e5ngen n\u00e5dde Ali Khalil tillsammans med Saleh Karrani och Shafik Muwanga. Utan de tv\u00e5 hade det knappast g\u00e5tt, konstaterar han. N\u00e4r de st\u00f6tt p\u00e5 motg\u00e5ngar har de funnits d\u00e4r och pushat varandra.<\/p>\n<p>\u2013 Hellre dela p\u00e5 en stor kaka \u00e4n att \u00e4ta kakan sj\u00e4lv, s\u00e4ger Khalil.<\/p>\n<p>Miljonbemanning planerar att expandera geografiskt till andra st\u00e4der i v\u00e5rt avl\u00e5nga land. Just nu finns f\u00f6retaget i Malm\u00f6, G\u00f6teborg och Stockholm. Dessutom vill grundarna satsa mer p\u00e5 den VR-teknik som \u00e4r en stor del i framg\u00e5ngen. Arbetss\u00f6kande f\u00e5r genom VR-teknik l\u00f6sa olika uppdrag inom ett yrke, f\u00f6r att validera sina kunskaper som sedan dokumenteras. Utifr\u00e5n dokumentationen kan man se deras kompetens. Att ha ett traditionellt CV blir inte lika intressant.<\/p>\n<p>\u2013 Jag vill inte g\u00e5 h\u00e4ndelserna i f\u00f6rv\u00e4g, men jag tror det kommer bli en minirevolution d\u00e4r vi kommer g\u00e5 ifr\u00e5n det gamla CV-skrivandet, till n\u00e5got nytt, enklare och smidigare. Det blir mer r\u00e4ttvist och man kommer ifr\u00e5n tyckande som l\u00e4ngd, k\u00f6n, \u00e5lder, hudf\u00e4rg och annat som idag l\u00e4tt f\u00f6rekommer hos rekryterare, s\u00e4ger Ali Khalil.<\/p>\n<p>Slutligen ber\u00e4ttar han att han vill tacka sitt nitton\u00e5riga jag som aldrig gav upp. Som kavlade upp \u00e4rmarna och tog modet till sig att starta eget.<\/p>\n<p>\u2013 Det har varit k\u00e4mpigt och man har f\u00e5tt uppoffra m\u00e5nga kv\u00e4llar och helger. Men det \u00e4r som man s\u00e4ger, h\u00e5rt arbete l\u00f6nar sig till slut.<\/p>\n<p>Om Miljonbemanning<\/p>\n<ul>\n<li>Grundat \u00e5r: 2014<\/li>\n<li>Grundare: Ali Khalil, Saleh Karrani &amp; Shafik Muwanga<\/li>\n<li>Aff\u00e4rsid\u00e9: Matcha unga vuxna fr\u00e5n f\u00f6rorterna, med arbetsgivare<\/li>\n<li>Oms\u00e4ttning 2021: 80 Mkr (24,5 Mkr, 2020)<\/li>\n<li>Antal anst\u00e4llda: 32<\/li>\n<li>Antal jobb f\u00f6rmedlade 2021: 1606<\/li>\n<\/ul>","protected":false},"excerpt":{"rendered":"<p>Allt b\u00f6rjade med en investering p\u00e5 900 kronor f\u00f6r 10 \u00e5r sedan. I \u00e5r oms\u00e4tter f\u00f6retaget 80 miljoner kronor. Miljonbemanning arbetar f\u00f6r att s\u00e4tta m\u00e4nniskor med kompetens i arbete och grundarna vill r\u00e5da bot p\u00e5 det utanf\u00f6rskap de ser i f\u00f6rorterna. Det \u00e4r en stund efter midnatt en varm sommarkv\u00e4ll. P\u00e5 en McDonald\u2019s i Hallunda &#8230; <a title=\"Ali Khalil k\u00e4nner f\u00f6rortens kompetens\" class=\"read-more\" href=\"https:\/\/aretsnybyggare.se\/sv\/ali-khalil-kanner-forortens-kompetens\/\" aria-label=\"L\u00e4s mer om Ali Khalil k\u00e4nner f\u00f6rortens kompetens\">L\u00e4s mer<\/a><\/p>","protected":false},"author":6,"featured_media":1683,"comment_status":"closed","ping_status":"open","sticky":false,"template":"","format":"standard","meta":{"footnotes":""},"categories":[30],"tags":[],"class_list":["post-1680","post","type-post","status-publish","format-standard","has-post-thumbnail","hentry","category-nybyggare"],"_links":{"self":[{"href":"https:\/\/aretsnybyggare.se\/sv\/wp-json\/wp\/v2\/posts\/1680"}],"collection":[{"href":"https:\/\/aretsnybyggare.se\/sv\/wp-json\/wp\/v2\/posts"}],"about":[{"href":"https:\/\/aretsnybyggare.se\/sv\/wp-json\/wp\/v2\/types\/post"}],"author":[{"embeddable":true,"href":"https:\/\/aretsnybyggare.se\/sv\/wp-json\/wp\/v2\/users\/6"}],"replies":[{"embeddable":true,"href":"https:\/\/aretsnybyggare.se\/sv\/wp-json\/wp\/v2\/comments?post=1680"}],"version-history":[{"count":0,"href":"https:\/\/aretsnybyggare.se\/sv\/wp-json\/wp\/v2\/posts\/1680\/revisions"}],"wp:featuredmedia":[{"embeddable":true,"href":"https:\/\/aretsnybyggare.se\/sv\/wp-json\/wp\/v2\/media\/1683"}],"wp:attachment":[{"href":"https:\/\/aretsnybyggare.se\/sv\/wp-json\/wp\/v2\/media?parent=1680"}],"wp:term":[{"taxonomy":"category","embeddable":true,"href":"https:\/\/aretsnybyggare.se\/sv\/wp-json\/wp\/v2\/categories?post=1680"},{"taxonomy":"post_tag","embeddable":true,"href":"https:\/\/aretsnybyggare.se\/sv\/wp-json\/wp\/v2\/tags?post=1680"}],"curies":[{"name":"wp","href":"https:\/\/api.w.org\/{rel}","templated":true}]}}