{"id":2333,"date":"2024-06-10T11:08:06","date_gmt":"2024-06-10T10:08:06","guid":{"rendered":"https:\/\/aretsnybyggare.se\/?p=2333"},"modified":"2025-02-21T04:07:16","modified_gmt":"2025-02-21T04:07:16","slug":"osterrikaren-som-satter-norrbotten-pa-den-globala-rymdkartan-det-har-aldrig-tidigare-funnits-en-lika-spannande-tid-som-nu","status":"publish","type":"post","link":"https:\/\/aretsnybyggare.se\/sv\/osterrikaren-som-satter-norrbotten-pa-den-globala-rymdkartan-det-har-aldrig-tidigare-funnits-en-lika-spannande-tid-som-nu\/","title":{"rendered":"\u00d6sterrikaren som s\u00e4tter Norrbotten p\u00e5 den globala rymdkartan: \u201dDet har aldrig tidigare funnits en lika sp\u00e4nnande tid som nu\u201d"},"content":{"rendered":"<p><strong>Hans studiekompisar gjorde karri\u00e4r inom Europeiska Rymdorganisationen (ESA) och p\u00e5 andra sidan Atlanten. Men Benjamin Fischer valde bort det mer konventionella rymdsp\u00e5ret f\u00f6r att i st\u00e4llet satsa p\u00e5 en egen aff\u00e4rsid\u00e9 i Pite\u00e5 \u2013 med m\u00e5let att leverera internet till m\u00e5nen. \u201dVi vill v\u00e4xa in i kostymen p\u00e5 ett l\u00e5ngsiktigt h\u00e5llbart s\u00e4tt,\u201d s\u00e4ger han. <\/strong><\/p>\n<p>Benjamin Fischer, 34, v\u00e4xte upp i \u00d6sterrike med dr\u00f6mmen om att bli pilot. Det h\u00e4r var en tid av stora\u00a0skiften, inte minst inom kommersiellt flyg och den alltmer privatiserade rymdbranschen. Samtidigt\u00a0som flygbolagen skapade krisrubriker och automatiseringen av pilotyrket accelererade, gjordes de\u00a0st\u00f6rsta och mest uppm\u00e4rksammade rymdsatsningarna p\u00e5 flera \u00e5rtionden.<\/p>\n<p>SpaceX, med Elon Musk i spetsen, fick momentum i samband med flera lyckade uppskjutningar,\u00a0s\u00e4krade regeringskontrakt och samarbeten med Nasa. Sedan f\u00f6ljde allt st\u00f6rre satsningar av\u00a0aff\u00e4rsm\u00e4nnen Jeff Bezos och Richard Branson, som pl\u00f6jde in miljarder i interplanet\u00e4ra sidoprojekt.<\/p>\n<p>\u2013 D\u00e4r och d\u00e5 best\u00e4mde jag mig f\u00f6r att detta var n\u00e5got som jag ville vara med p\u00e5, s\u00e4ger Benjamin.<\/p>\n<p>Rymden var ett omr\u00e5de som hade intresserat honom sedan barnsben. Att det skulle bli Pite\u00e5 och\u00a0Sverige var d\u00e4remot mer en slump \u00e4n n\u00e5got annat.<\/p>\n<p>N\u00e4r Benjamin var i slutet av sina ingenj\u00f6rsstudier inom rymdteknik best\u00e4mde han sig f\u00f6r att g\u00f6ra ett\u00a0akademiskt utbyte i Kiruna.<\/p>\n<p>\u2013 Jag trivdes v\u00e4ldigt bra. Spr\u00e5ket \u00e4r enkelt att l\u00e4ra sig, och det \u00e4r inte s\u00e5 mycket m\u00e4nniskor.<\/p>\n<p>Det var ocks\u00e5 d\u00e4r han tr\u00e4ffade Sandra Nilsson, som skulle bli en av medgrundarna till bolaget. De tv\u00e5\u00a0best\u00e4mde sig f\u00f6r att flytta till Tyskland \u2013 Benjamin f\u00f6r en kortare sejour p\u00e5 ESA och Sandra f\u00f6r att\u00a0avsluta sina studier inom rymdteknik.<\/p>\n<p>\u2013 Vi hade inte s\u00e5 mycket pengar, men desto mer energi. Vi best\u00e4mde oss f\u00f6r att g\u00f6ra n\u00e5got\u00a0annorlunda och starta v\u00e5r egen verksamhet. Vi visste att vi ville h\u00e5lla p\u00e5 med rymden, men inte exakt\u00a0med vad. S\u00e5 vi pratade runt och funderade p\u00e5 vad det fanns f\u00f6r gap i marknaden, s\u00e4ger Benjamin.<\/p>\n<p>\u2013 Vi kunde vi flytta tillbaka till \u00d6sterrike, \u00e5ka \u00f6ver till USA eller sl\u00e5 oss ner i norra Sverige d\u00e4r Sandra kommer ifr\u00e5n. Vi b\u00f6rjade kika p\u00e5 Norrbotten. Det fanns en n\u00e5gorlunda etablerad rymdverksamhet d\u00e4r och ett framst\u00e5ende universitet, men det mesta var antingen v\u00e4ldigt akademiskt eller statskontrollerat.<\/p>\n<p style=\"text-align: left;\"><strong>Om f\u00f6retaget<\/strong><\/p>\n<ul>\n<li style=\"text-align: left;\">Startade: 2019<\/li>\n<li style=\"text-align: left;\">Oms\u00e4ttning:<br \/>\n18 147 tkr<\/li>\n<li style=\"text-align: left;\">Resultat: 8 382 tkr<\/li>\n<li style=\"text-align: left;\">Antal anst\u00e4llda: 7<\/li>\n<li style=\"text-align: left;\">Hemsida:\u00a0<span style=\"font-size: 14px;\">https:\/\/arcticspace.com<\/span><\/li>\n<\/ul>\n<p>H\u00f6sten 2019 grundade Benjamin Fischer, Sandra Nilsson och Felix Hessinger Arctic Space Technologies. Genom mjukvara och antenner i anslutning till h\u00e5llbara datacenter b\u00f6rjade bolaget erbjuda avancerade kommunikationsl\u00f6sningar mellan satelliter och markstationer.<\/p>\n<p>F\u00f6retaget har kontor i Lule\u00e5 Science Park och en markstation i \u00d6jebyn utanf\u00f6r Pite\u00e5. D\u00e4r samlar man\u00a0in data och levererar kommunikationstj\u00e4nster mot tusentals satelliter i omloppsbanor till globala\u00a0organisationer och f\u00f6retag som ESA, Airbus och ViaSat. F\u00f6retagets moderna infrastruktur hj\u00e4lper\u00a0kunder v\u00e4rlden \u00f6ver att f\u00e5 ner data p\u00e5 ett l\u00f6nsamt, h\u00e5llbart och s\u00e4kert s\u00e4tt.<\/p>\n<p>Ett st\u00f6rre rymdintresse mer generellt och en \u00f6kande f\u00f6rst\u00e5else f\u00f6r satelliters breda\u00a0anv\u00e4ndningsomr\u00e5de, hj\u00e4lper till att f\u00f6rklara framg\u00e5ngssagan Arctic Space Technologies.<\/p>\n<p>I dag har bolaget sju anst\u00e4llda och en h\u00f6g \u00e5rlig tillv\u00e4xttakt. Men att utvecklingen skulle g\u00e5 s\u00e5 snabbt\u00a0som den gjort var inget som Benjamin r\u00e4knade med f\u00f6r bara n\u00e5gra \u00e5r sedan.\u00a0H\u00f6sten 2023 mottog Benjamin utm\u00e4rkelsen \u201d\u00c5rets Nystart\u201d i \u201d\u00c5rets Nybyggare i Region Norr\u201d, som\u00a0arrangeras av Stiftelsen IFS.<\/p>\n<p>\u2013 Som ett nystartat litet f\u00f6retag var det s\u00e5klart v\u00e4ldigt l\u00e4skigt i b\u00f6rjan. F\u00f6rtroende \u00e4r v\u00e4ldigt viktigt\u00a0och branschen domineras av statliga organisationer, och risken fanns att politiker kunde introducera\u00a0en lag fr\u00e5n en dag till en annan som helt kunde punktera v\u00e5ra utsikter. Men vi gjorde grundlig\u00a0research och pratade med experter som alla sa till oss att satsa p\u00e5 detta, s\u00e4ger han.<\/p>\n<p>\u2013 V\u00e5r vision var att starta ett privat alternativ. I b\u00f6rjan hade vi bara en produkt, men efter ett tag b\u00f6rjade vi f\u00f6rst\u00e5 mer av hur branschen fungerar. Vi lyssnade p\u00e5 marknaden och kom p\u00e5 nya saker allt eftersom. P\u00e5 s\u00e5 s\u00e4tt hittade vi v\u00e5r nisch. Ett v\u00e4xande rymdintresse globalt och i Sverige inneb\u00e4r intensifierad konkurrens och att m\u00e5nga av dagens nystartade bolag kommer att uts\u00e4ttas f\u00f6r ett eldprov fram\u00f6ver, s\u00e4ger Benjamin.<\/p>\n<p>\u2013 Det \u00e4r en ny bransch i st\u00e4ndig utveckling med \u00e5terkommande utmaningar. Som start-up f\u00f6rv\u00e4ntas\u00a0man vara flexibel och snabbfotad, men samtidigt professionell och systematisk. Vilka kommer klara<br \/>\nsig? Vad f\u00f6r bolag finns det l\u00e5ngsiktigt utrymme f\u00f6r?<\/p>\n<p>Intresset och miljardsatsningar inneb\u00e4r ocks\u00e5 att m\u00e5len har skruvats upp och utvecklingen g\u00e5r\u00a0snabbare \u00e4n n\u00e5gonsin tidigare.<\/p>\n<p>\u2013 Det \u00e4r en otroligt sp\u00e4nnande tid. F\u00f6r rymdbranschen \u00e4r detta som n\u00e4r Christopher Columbus\u00a0uppt\u00e4ckte Amerika. Det har nog aldrig tidigare funnits en b\u00e4ttre tid att leva om du har detta intresse.<\/p>\n<p>\u2013 M\u00f6jligheterna \u00e4r fantastiska. I grunden handlar det om hela m\u00e4nsklighetens utveckling. Det blir\u00a0intressant att f\u00f6lja om vi \u00e5terv\u00e4nder till m\u00e5nen, och om vi lyckas s\u00e4tta upp sm\u00e5 baser p\u00e5 Mars under\u00a0kommande \u00e5rtionde, avslutar han.<\/p>\n<p><strong>Om Omar<\/strong><\/p>\n<ul>\n<li>Kom till Sverige i slutet av sina universitetsstudier fr\u00e5n \u00d6sterrike<\/li>\n<li>\u00c5lder: 34 \u00e5r<\/li>\n<li>Utbildning:\u00a0Ingenj\u00f6r<\/li>\n<li>Bor: Pite\u00e5<\/li>\n<li>G\u00f6r: Grundare och VD av Arctic Space Technologies AB<\/li>\n<\/ul>","protected":false},"excerpt":{"rendered":"<p>Hans studiekompisar gjorde karri\u00e4r inom Europeiska Rymdorganisationen (ESA) och p\u00e5 andra sidan Atlanten. Men Benjamin Fischer valde bort det mer konventionella rymdsp\u00e5ret f\u00f6r att i st\u00e4llet satsa p\u00e5 en egen aff\u00e4rsid\u00e9 i Pite\u00e5 \u2013 med m\u00e5let att leverera internet till m\u00e5nen. \u201dVi vill v\u00e4xa in i kostymen p\u00e5 ett l\u00e5ngsiktigt h\u00e5llbart s\u00e4tt,\u201d s\u00e4ger han. Benjamin &#8230; <a title=\"\u00d6sterrikaren som s\u00e4tter Norrbotten p\u00e5 den globala rymdkartan: \u201dDet har aldrig tidigare funnits en lika sp\u00e4nnande tid som nu\u201d\" class=\"read-more\" href=\"https:\/\/aretsnybyggare.se\/sv\/osterrikaren-som-satter-norrbotten-pa-den-globala-rymdkartan-det-har-aldrig-tidigare-funnits-en-lika-spannande-tid-som-nu\/\" aria-label=\"L\u00e4s mer om \u00d6sterrikaren som s\u00e4tter Norrbotten p\u00e5 den globala rymdkartan: \u201dDet har aldrig tidigare funnits en lika sp\u00e4nnande tid som nu\u201d\">L\u00e4s mer<\/a><\/p>","protected":false},"author":7,"featured_media":2339,"comment_status":"open","ping_status":"open","sticky":false,"template":"","format":"standard","meta":{"footnotes":""},"categories":[31],"tags":[],"class_list":["post-2333","post","type-post","status-publish","format-standard","has-post-thumbnail","hentry","category-nyheter"],"_links":{"self":[{"href":"https:\/\/aretsnybyggare.se\/sv\/wp-json\/wp\/v2\/posts\/2333"}],"collection":[{"href":"https:\/\/aretsnybyggare.se\/sv\/wp-json\/wp\/v2\/posts"}],"about":[{"href":"https:\/\/aretsnybyggare.se\/sv\/wp-json\/wp\/v2\/types\/post"}],"author":[{"embeddable":true,"href":"https:\/\/aretsnybyggare.se\/sv\/wp-json\/wp\/v2\/users\/7"}],"replies":[{"embeddable":true,"href":"https:\/\/aretsnybyggare.se\/sv\/wp-json\/wp\/v2\/comments?post=2333"}],"version-history":[{"count":0,"href":"https:\/\/aretsnybyggare.se\/sv\/wp-json\/wp\/v2\/posts\/2333\/revisions"}],"wp:featuredmedia":[{"embeddable":true,"href":"https:\/\/aretsnybyggare.se\/sv\/wp-json\/wp\/v2\/media\/2339"}],"wp:attachment":[{"href":"https:\/\/aretsnybyggare.se\/sv\/wp-json\/wp\/v2\/media?parent=2333"}],"wp:term":[{"taxonomy":"category","embeddable":true,"href":"https:\/\/aretsnybyggare.se\/sv\/wp-json\/wp\/v2\/categories?post=2333"},{"taxonomy":"post_tag","embeddable":true,"href":"https:\/\/aretsnybyggare.se\/sv\/wp-json\/wp\/v2\/tags?post=2333"}],"curies":[{"name":"wp","href":"https:\/\/api.w.org\/{rel}","templated":true}]}}